{"id":53,"date":"2024-03-06T08:03:35","date_gmt":"2024-03-06T08:03:35","guid":{"rendered":"https:\/\/svenjacob.de\/?p=53"},"modified":"2024-03-06T10:32:08","modified_gmt":"2024-03-06T10:32:08","slug":"wussten-sie-schon-aktuelles","status":"publish","type":"post","link":"https:\/\/svenjacob.de\/en\/wussten-sie-schon-aktuelles\/","title":{"rendered":"Did you already know (news):"},"content":{"rendered":"<p>That the Ministry of Family Affairs has extended the protection period for mothers on maternity leave (two months after giving birth) from two to four months. Your employer can therefore no longer dismiss you after the end of your maternity leave before the four months have expired.<\/p>","protected":false},"excerpt":{"rendered":"<p>That the Ministry of Family Affairs has extended the protection period for mothers on maternity leave (two months after giving birth) from two to four months. Your employer can therefore no longer dismiss you after the end of your maternity leave before the four months have expired.<\/p>","protected":false},"author":2,"featured_media":0,"comment_status":"open","ping_status":"open","sticky":false,"template":"","format":"standard","meta":{"footnotes":""},"categories":[1],"tags":[],"class_list":["post-53","post","type-post","status-publish","format-standard","hentry","category-uncategorized"],"yoast_head":"<!-- This site is optimized with the Yoast SEO plugin v27.4 - https:\/\/yoast.com\/product\/yoast-seo-wordpress\/ -->\n<title>Wussten Sie schon (Aktuelles)? - Sven Jacob<\/title>\n<meta name=\"robots\" content=\"index, follow, max-snippet:-1, max-image-preview:large, max-video-preview:-1\" \/>\n<link rel=\"canonical\" href=\"https:\/\/svenjacob.de\/en\/wussten-sie-schon-aktuelles\/\" \/>\n<meta property=\"og:locale\" content=\"en_GB\" \/>\n<meta property=\"og:type\" content=\"article\" \/>\n<meta property=\"og:title\" content=\"Wussten Sie schon (Aktuelles)? - Sven Jacob\" \/>\n<meta property=\"og:description\" content=\"Dass das Familienministerium die Schutzfrist f\u00fcr M\u00fctter, die sich im Mutterschutzurlaub befinden (zwei Monate nach Entbindung) von zwei auf vier Monate verl\u00e4ngert hat. Ihr Arbeitgeber kann Sie daher nicht mehr nach dem Ende des Mutterschaftsurlaub vor Ablauf der vier Monate k\u00fcndigen.\" \/>\n<meta property=\"og:url\" content=\"https:\/\/svenjacob.de\/en\/wussten-sie-schon-aktuelles\/\" \/>\n<meta property=\"og:site_name\" content=\"Sven Jacob\" \/>\n<meta property=\"article:published_time\" content=\"2024-03-06T08:03:35+00:00\" \/>\n<meta property=\"article:modified_time\" content=\"2024-03-06T10:32:08+00:00\" \/>\n<meta name=\"author\" content=\"Swiftpage\" \/>\n<meta name=\"twitter:card\" content=\"summary_large_image\" \/>\n<meta name=\"twitter:label1\" content=\"Written by\" \/>\n\t<meta name=\"twitter:data1\" content=\"Swiftpage\" \/>\n<script type=\"application\/ld+json\" class=\"yoast-schema-graph\">{\"@context\":\"https:\\\/\\\/schema.org\",\"@graph\":[{\"@type\":\"Article\",\"@id\":\"https:\\\/\\\/svenjacob.de\\\/wussten-sie-schon-aktuelles\\\/#article\",\"isPartOf\":{\"@id\":\"https:\\\/\\\/svenjacob.de\\\/wussten-sie-schon-aktuelles\\\/\"},\"author\":{\"name\":\"Swiftpage\",\"@id\":\"https:\\\/\\\/svenjacob.de\\\/#\\\/schema\\\/person\\\/d2784afbda33f6ff96823ef832b2fe75\"},\"headline\":\"Wussten Sie schon (Aktuelles)?\",\"datePublished\":\"2024-03-06T08:03:35+00:00\",\"dateModified\":\"2024-03-06T10:32:08+00:00\",\"mainEntityOfPage\":{\"@id\":\"https:\\\/\\\/svenjacob.de\\\/wussten-sie-schon-aktuelles\\\/\"},\"wordCount\":49,\"commentCount\":0,\"publisher\":{\"@id\":\"https:\\\/\\\/svenjacob.de\\\/#\\\/schema\\\/person\\\/b4513c722a6b7f9f27eb0df3b6f0e5d3\"},\"articleSection\":[\"Uncategorized\"],\"inLanguage\":\"en-GB\",\"potentialAction\":[{\"@type\":\"CommentAction\",\"name\":\"Comment\",\"target\":[\"https:\\\/\\\/svenjacob.de\\\/wussten-sie-schon-aktuelles\\\/#respond\"]}]},{\"@type\":\"WebPage\",\"@id\":\"https:\\\/\\\/svenjacob.de\\\/wussten-sie-schon-aktuelles\\\/\",\"url\":\"https:\\\/\\\/svenjacob.de\\\/wussten-sie-schon-aktuelles\\\/\",\"name\":\"Wussten Sie schon (Aktuelles)? - Sven Jacob\",\"isPartOf\":{\"@id\":\"https:\\\/\\\/svenjacob.de\\\/#website\"},\"datePublished\":\"2024-03-06T08:03:35+00:00\",\"dateModified\":\"2024-03-06T10:32:08+00:00\",\"breadcrumb\":{\"@id\":\"https:\\\/\\\/svenjacob.de\\\/wussten-sie-schon-aktuelles\\\/#breadcrumb\"},\"inLanguage\":\"en-GB\",\"potentialAction\":[{\"@type\":\"ReadAction\",\"target\":[\"https:\\\/\\\/svenjacob.de\\\/wussten-sie-schon-aktuelles\\\/\"]}]},{\"@type\":\"BreadcrumbList\",\"@id\":\"https:\\\/\\\/svenjacob.de\\\/wussten-sie-schon-aktuelles\\\/#breadcrumb\",\"itemListElement\":[{\"@type\":\"ListItem\",\"position\":1,\"name\":\"Startseite\",\"item\":\"https:\\\/\\\/svenjacob.de\\\/\"},{\"@type\":\"ListItem\",\"position\":2,\"name\":\"Wussten Sie schon (Aktuelles)?\"}]},{\"@type\":\"WebSite\",\"@id\":\"https:\\\/\\\/svenjacob.de\\\/#website\",\"url\":\"https:\\\/\\\/svenjacob.de\\\/\",\"name\":\"Svenjacob.de\",\"description\":\"Rechtsanwalt f&uuml;r Arbeitsrecht in Berlin\",\"publisher\":{\"@id\":\"https:\\\/\\\/svenjacob.de\\\/#\\\/schema\\\/person\\\/b4513c722a6b7f9f27eb0df3b6f0e5d3\"},\"potentialAction\":[{\"@type\":\"SearchAction\",\"target\":{\"@type\":\"EntryPoint\",\"urlTemplate\":\"https:\\\/\\\/svenjacob.de\\\/?s={search_term_string}\"},\"query-input\":{\"@type\":\"PropertyValueSpecification\",\"valueRequired\":true,\"valueName\":\"search_term_string\"}}],\"inLanguage\":\"en-GB\"},{\"@type\":[\"Person\",\"Organization\"],\"@id\":\"https:\\\/\\\/svenjacob.de\\\/#\\\/schema\\\/person\\\/b4513c722a6b7f9f27eb0df3b6f0e5d3\",\"name\":\"Sven Jacob\",\"image\":{\"@type\":\"ImageObject\",\"inLanguage\":\"en-GB\",\"@id\":\"https:\\\/\\\/svenjacob.de\\\/wp-content\\\/uploads\\\/2024\\\/03\\\/SVEN-JACOB-2-e1709562564744.png\",\"url\":\"https:\\\/\\\/svenjacob.de\\\/wp-content\\\/uploads\\\/2024\\\/03\\\/SVEN-JACOB-2-e1709562564744.png\",\"contentUrl\":\"https:\\\/\\\/svenjacob.de\\\/wp-content\\\/uploads\\\/2024\\\/03\\\/SVEN-JACOB-2-e1709562564744.png\",\"width\":367,\"height\":83,\"caption\":\"Sven Jacob\"},\"logo\":{\"@id\":\"https:\\\/\\\/svenjacob.de\\\/wp-content\\\/uploads\\\/2024\\\/03\\\/SVEN-JACOB-2-e1709562564744.png\"}},{\"@type\":\"Person\",\"@id\":\"https:\\\/\\\/svenjacob.de\\\/#\\\/schema\\\/person\\\/d2784afbda33f6ff96823ef832b2fe75\",\"name\":\"Swiftpage\",\"image\":{\"@type\":\"ImageObject\",\"inLanguage\":\"en-GB\",\"@id\":\"https:\\\/\\\/secure.gravatar.com\\\/avatar\\\/f1a15a962dc4da2a4464d39b8892184d08333e9cf9096fa6209ac503f860f1ad?s=96&d=mm&r=g\",\"url\":\"https:\\\/\\\/secure.gravatar.com\\\/avatar\\\/f1a15a962dc4da2a4464d39b8892184d08333e9cf9096fa6209ac503f860f1ad?s=96&d=mm&r=g\",\"contentUrl\":\"https:\\\/\\\/secure.gravatar.com\\\/avatar\\\/f1a15a962dc4da2a4464d39b8892184d08333e9cf9096fa6209ac503f860f1ad?s=96&d=mm&r=g\",\"caption\":\"Swiftpage\"},\"url\":\"https:\\\/\\\/svenjacob.de\\\/en\\\/author\\\/swiftpage\\\/\"}]}<\/script>\n<!-- \/ Yoast SEO plugin. -->","yoast_head_json":{"title":"Wussten Sie schon (Aktuelles)? - Sven Jacob","robots":{"index":"index","follow":"follow","max-snippet":"max-snippet:-1","max-image-preview":"max-image-preview:large","max-video-preview":"max-video-preview:-1"},"canonical":"https:\/\/svenjacob.de\/en\/wussten-sie-schon-aktuelles\/","og_locale":"en_GB","og_type":"article","og_title":"Wussten Sie schon (Aktuelles)? - Sven Jacob","og_description":"Dass das Familienministerium die Schutzfrist f\u00fcr M\u00fctter, die sich im Mutterschutzurlaub befinden (zwei Monate nach Entbindung) von zwei auf vier Monate verl\u00e4ngert hat. Ihr Arbeitgeber kann Sie daher nicht mehr nach dem Ende des Mutterschaftsurlaub vor Ablauf der vier Monate k\u00fcndigen.","og_url":"https:\/\/svenjacob.de\/en\/wussten-sie-schon-aktuelles\/","og_site_name":"Sven Jacob","article_published_time":"2024-03-06T08:03:35+00:00","article_modified_time":"2024-03-06T10:32:08+00:00","author":"Swiftpage","twitter_card":"summary_large_image","twitter_misc":{"Written by":"Swiftpage"},"schema":{"@context":"https:\/\/schema.org","@graph":[{"@type":"Article","@id":"https:\/\/svenjacob.de\/wussten-sie-schon-aktuelles\/#article","isPartOf":{"@id":"https:\/\/svenjacob.de\/wussten-sie-schon-aktuelles\/"},"author":{"name":"Swiftpage","@id":"https:\/\/svenjacob.de\/#\/schema\/person\/d2784afbda33f6ff96823ef832b2fe75"},"headline":"Wussten Sie schon (Aktuelles)?","datePublished":"2024-03-06T08:03:35+00:00","dateModified":"2024-03-06T10:32:08+00:00","mainEntityOfPage":{"@id":"https:\/\/svenjacob.de\/wussten-sie-schon-aktuelles\/"},"wordCount":49,"commentCount":0,"publisher":{"@id":"https:\/\/svenjacob.de\/#\/schema\/person\/b4513c722a6b7f9f27eb0df3b6f0e5d3"},"articleSection":["Uncategorized"],"inLanguage":"en-GB","potentialAction":[{"@type":"CommentAction","name":"Comment","target":["https:\/\/svenjacob.de\/wussten-sie-schon-aktuelles\/#respond"]}]},{"@type":"WebPage","@id":"https:\/\/svenjacob.de\/wussten-sie-schon-aktuelles\/","url":"https:\/\/svenjacob.de\/wussten-sie-schon-aktuelles\/","name":"Wussten Sie schon (Aktuelles)? - Sven Jacob","isPartOf":{"@id":"https:\/\/svenjacob.de\/#website"},"datePublished":"2024-03-06T08:03:35+00:00","dateModified":"2024-03-06T10:32:08+00:00","breadcrumb":{"@id":"https:\/\/svenjacob.de\/wussten-sie-schon-aktuelles\/#breadcrumb"},"inLanguage":"en-GB","potentialAction":[{"@type":"ReadAction","target":["https:\/\/svenjacob.de\/wussten-sie-schon-aktuelles\/"]}]},{"@type":"BreadcrumbList","@id":"https:\/\/svenjacob.de\/wussten-sie-schon-aktuelles\/#breadcrumb","itemListElement":[{"@type":"ListItem","position":1,"name":"Startseite","item":"https:\/\/svenjacob.de\/"},{"@type":"ListItem","position":2,"name":"Wussten Sie schon (Aktuelles)?"}]},{"@type":"WebSite","@id":"https:\/\/svenjacob.de\/#website","url":"https:\/\/svenjacob.de\/","name":"Svenjacob.de","description":"Rechtsanwalt f&uuml;r Arbeitsrecht in Berlin","publisher":{"@id":"https:\/\/svenjacob.de\/#\/schema\/person\/b4513c722a6b7f9f27eb0df3b6f0e5d3"},"potentialAction":[{"@type":"SearchAction","target":{"@type":"EntryPoint","urlTemplate":"https:\/\/svenjacob.de\/?s={search_term_string}"},"query-input":{"@type":"PropertyValueSpecification","valueRequired":true,"valueName":"search_term_string"}}],"inLanguage":"en-GB"},{"@type":["Person","Organization"],"@id":"https:\/\/svenjacob.de\/#\/schema\/person\/b4513c722a6b7f9f27eb0df3b6f0e5d3","name":"Sven Jacob","image":{"@type":"ImageObject","inLanguage":"en-GB","@id":"https:\/\/svenjacob.de\/wp-content\/uploads\/2024\/03\/SVEN-JACOB-2-e1709562564744.png","url":"https:\/\/svenjacob.de\/wp-content\/uploads\/2024\/03\/SVEN-JACOB-2-e1709562564744.png","contentUrl":"https:\/\/svenjacob.de\/wp-content\/uploads\/2024\/03\/SVEN-JACOB-2-e1709562564744.png","width":367,"height":83,"caption":"Sven Jacob"},"logo":{"@id":"https:\/\/svenjacob.de\/wp-content\/uploads\/2024\/03\/SVEN-JACOB-2-e1709562564744.png"}},{"@type":"Person","@id":"https:\/\/svenjacob.de\/#\/schema\/person\/d2784afbda33f6ff96823ef832b2fe75","name":"Swiftpage","image":{"@type":"ImageObject","inLanguage":"en-GB","@id":"https:\/\/secure.gravatar.com\/avatar\/f1a15a962dc4da2a4464d39b8892184d08333e9cf9096fa6209ac503f860f1ad?s=96&d=mm&r=g","url":"https:\/\/secure.gravatar.com\/avatar\/f1a15a962dc4da2a4464d39b8892184d08333e9cf9096fa6209ac503f860f1ad?s=96&d=mm&r=g","contentUrl":"https:\/\/secure.gravatar.com\/avatar\/f1a15a962dc4da2a4464d39b8892184d08333e9cf9096fa6209ac503f860f1ad?s=96&d=mm&r=g","caption":"Swiftpage"},"url":"https:\/\/svenjacob.de\/en\/author\/swiftpage\/"}]}},"_links":{"self":[{"href":"https:\/\/svenjacob.de\/en\/wp-json\/wp\/v2\/posts\/53","targetHints":{"allow":["GET"]}}],"collection":[{"href":"https:\/\/svenjacob.de\/en\/wp-json\/wp\/v2\/posts"}],"about":[{"href":"https:\/\/svenjacob.de\/en\/wp-json\/wp\/v2\/types\/post"}],"author":[{"embeddable":true,"href":"https:\/\/svenjacob.de\/en\/wp-json\/wp\/v2\/users\/2"}],"replies":[{"embeddable":true,"href":"https:\/\/svenjacob.de\/en\/wp-json\/wp\/v2\/comments?post=53"}],"version-history":[{"count":2,"href":"https:\/\/svenjacob.de\/en\/wp-json\/wp\/v2\/posts\/53\/revisions"}],"predecessor-version":[{"id":55,"href":"https:\/\/svenjacob.de\/en\/wp-json\/wp\/v2\/posts\/53\/revisions\/55"}],"wp:attachment":[{"href":"https:\/\/svenjacob.de\/en\/wp-json\/wp\/v2\/media?parent=53"}],"wp:term":[{"taxonomy":"category","embeddable":true,"href":"https:\/\/svenjacob.de\/en\/wp-json\/wp\/v2\/categories?post=53"},{"taxonomy":"post_tag","embeddable":true,"href":"https:\/\/svenjacob.de\/en\/wp-json\/wp\/v2\/tags?post=53"}],"curies":[{"name":"wp","href":"https:\/\/api.w.org\/{rel}","templated":true}]}}