{"id":38,"date":"2024-03-04T14:36:05","date_gmt":"2024-03-04T14:36:05","guid":{"rendered":"https:\/\/svenjacob.de\/?p=38"},"modified":"2024-03-05T13:24:57","modified_gmt":"2024-03-05T13:24:57","slug":"arbeitsrecht","status":"publish","type":"post","link":"https:\/\/svenjacob.de\/?p=38","title":{"rendered":"Arbeitsrecht"},"content":{"rendered":"\n<p class=\"wp-block-paragraph\">Ich helfe bei:<\/p>\n\n\n\n<ul class=\"wp-block-list\">\n<li>K\u00fcndigungen, sei es betriebsbedingt, verhaltensbedingt oder personenbedingt<\/li>\n\n\n\n<li>Betriebsbeding (au\u00dferordentliche betriebliche Gr\u00fcnde)<\/li>\n\n\n\n<li>Verhaltensbedingt (Mitarbeiter mit seinem Verhalten den Betriebsfrieden nachhaltig st\u00f6rt, er seine Pflichten verletzt oder das Vertrauensverh\u00e4ltnis zerr\u00fcttet ist)<\/li>\n\n\n\n<li>Personenbedingt liegt in den F\u00e4higkeiten des Arbeitnehmers wie z. B.<\/li>\n\n\n\n<li>Der Verlust der Berufsaus\u00fcbungserlaubnis. ...<\/li>\n\n\n\n<li>Mangelnde Sprachkenntnisse. ...<\/li>\n\n\n\n<li>Arbeitsverhinderung wegen Haft. ...<\/li>\n\n\n\n<li>Eine schwache Arbeitsleistung. ...<\/li>\n\n\n\n<li>Der Verlust der Arbeitserlaubnis. ...<\/li>\n\n\n\n<li>Die Exmatrikulation einer studentischen Hilfskraft. ...<\/li>\n\n\n\n<li>Alkoholerkrankung.<\/li>\n\n\n\n<li>Abmahnungen<\/li>\n\n\n\n<li>Zahlungen von Arbeitslohn<\/li>\n\n\n\n<li>Beratung im Vorfeld von arbeitsrechtlichen Schritten des Arbeitgebers zur Vermeidung von K\u00fcndigungen und Klagen<\/li>\n\n\n\n<li>Pr\u00fcfung von Arbeitsvertr\u00e4gen<\/li>\n\n\n\n<li>Pr\u00fcfung von Aufhebungs- und Abwicklungsvereinbarungen, die meistens mit einem Gegenvorschlag an den Arbeitgeber gerichtet sind<\/li>\n\n\n\n<li>Flankierung des Mandanten, ohne in Erscheinung zu treten (bei einer Beendigung des Arbeitsverh\u00e4ltnisses macht es am meisten Sinn, wenn der Arbeitnehmer an den Arbeitgeber zutritt, ohne das ein Rechtsanwalt in Erscheinung tritt. Ich erstelle Vorschl\u00e4ge, die der Arbeitnehmer in die Verhandlungen mit seinem Arbeitgeber mitnimmt<\/li>\n<\/ul>\n","protected":false},"excerpt":{"rendered":"<p>Ich helfe bei:<\/p>\n","protected":false},"author":3,"featured_media":0,"comment_status":"open","ping_status":"open","sticky":false,"template":"","format":"standard","meta":{"footnotes":""},"categories":[1],"tags":[],"class_list":["post-38","post","type-post","status-publish","format-standard","hentry","category-uncategorized"],"yoast_head":"<!-- This site is optimized with the Yoast SEO plugin v28.4 - https:\/\/yoast.com\/product\/yoast-seo-wordpress\/ -->\n<title>Arbeitsrecht - Sven Jacob<\/title>\n<meta name=\"robots\" content=\"index, follow, max-snippet:-1, max-image-preview:large, max-video-preview:-1\" \/>\n<link rel=\"canonical\" href=\"https:\/\/svenjacob.de\/?p=38\" \/>\n<meta property=\"og:locale\" content=\"de_DE\" \/>\n<meta property=\"og:type\" content=\"article\" \/>\n<meta property=\"og:title\" content=\"Arbeitsrecht - Sven Jacob\" \/>\n<meta property=\"og:description\" content=\"Ich helfe bei:\" \/>\n<meta property=\"og:url\" content=\"https:\/\/svenjacob.de\/?p=38\" \/>\n<meta property=\"og:site_name\" content=\"Sven Jacob\" \/>\n<meta property=\"article:published_time\" content=\"2024-03-04T14:36:05+00:00\" \/>\n<meta property=\"article:modified_time\" content=\"2024-03-05T13:24:57+00:00\" \/>\n<meta name=\"author\" content=\"Sven Jacob\" \/>\n<meta name=\"twitter:card\" content=\"summary_large_image\" \/>\n<meta name=\"twitter:label1\" content=\"Verfasst von\" \/>\n\t<meta name=\"twitter:data1\" content=\"Sven Jacob\" \/>\n\t<meta name=\"twitter:label2\" content=\"Gesch\u00e4tzte Lesezeit\" \/>\n\t<meta name=\"twitter:data2\" content=\"1\u00a0Minute\" \/>\n<script type=\"application\/ld+json\" class=\"yoast-schema-graph\">{\"@context\":\"https:\\\/\\\/schema.org\",\"@graph\":[{\"@type\":\"Article\",\"@id\":\"https:\\\/\\\/svenjacob.de\\\/en\\\/?p=38#article\",\"isPartOf\":{\"@id\":\"https:\\\/\\\/svenjacob.de\\\/en\\\/?p=38\"},\"author\":{\"name\":\"Sven Jacob\",\"@id\":\"https:\\\/\\\/svenjacob.de\\\/#\\\/schema\\\/person\\\/a436c175a845f3909db23f1a581c36b3\"},\"headline\":\"Arbeitsrecht\",\"datePublished\":\"2024-03-04T14:36:05+00:00\",\"dateModified\":\"2024-03-05T13:24:57+00:00\",\"mainEntityOfPage\":{\"@id\":\"https:\\\/\\\/svenjacob.de\\\/en\\\/?p=38\"},\"wordCount\":160,\"commentCount\":0,\"publisher\":{\"@id\":\"https:\\\/\\\/svenjacob.de\\\/#\\\/schema\\\/person\\\/a436c175a845f3909db23f1a581c36b3\"},\"articleSection\":[\"Uncategorized\"],\"inLanguage\":\"de\",\"potentialAction\":[{\"@type\":\"CommentAction\",\"name\":\"Comment\",\"target\":[\"https:\\\/\\\/svenjacob.de\\\/en\\\/?p=38#respond\"]}]},{\"@type\":\"WebPage\",\"@id\":\"https:\\\/\\\/svenjacob.de\\\/en\\\/?p=38\",\"url\":\"https:\\\/\\\/svenjacob.de\\\/en\\\/?p=38\",\"name\":\"Arbeitsrecht - Sven Jacob\",\"isPartOf\":{\"@id\":\"https:\\\/\\\/svenjacob.de\\\/#website\"},\"datePublished\":\"2024-03-04T14:36:05+00:00\",\"dateModified\":\"2024-03-05T13:24:57+00:00\",\"breadcrumb\":{\"@id\":\"https:\\\/\\\/svenjacob.de\\\/en\\\/?p=38#breadcrumb\"},\"inLanguage\":\"de\",\"potentialAction\":[{\"@type\":\"ReadAction\",\"target\":[\"https:\\\/\\\/svenjacob.de\\\/en\\\/?p=38\"]}]},{\"@type\":\"BreadcrumbList\",\"@id\":\"https:\\\/\\\/svenjacob.de\\\/en\\\/?p=38#breadcrumb\",\"itemListElement\":[{\"@type\":\"ListItem\",\"position\":1,\"name\":\"Startseite\",\"item\":\"https:\\\/\\\/svenjacob.de\\\/\"},{\"@type\":\"ListItem\",\"position\":2,\"name\":\"Arbeitsrecht\"}]},{\"@type\":\"WebSite\",\"@id\":\"https:\\\/\\\/svenjacob.de\\\/#website\",\"url\":\"https:\\\/\\\/svenjacob.de\\\/\",\"name\":\"Svenjacob.de\",\"description\":\"Rechtsanwalt f&uuml;r Arbeitsrecht in Berlin\",\"publisher\":{\"@id\":\"https:\\\/\\\/svenjacob.de\\\/#\\\/schema\\\/person\\\/a436c175a845f3909db23f1a581c36b3\"},\"potentialAction\":[{\"@type\":\"SearchAction\",\"target\":{\"@type\":\"EntryPoint\",\"urlTemplate\":\"https:\\\/\\\/svenjacob.de\\\/?s={search_term_string}\"},\"query-input\":{\"@type\":\"PropertyValueSpecification\",\"valueRequired\":true,\"valueName\":\"search_term_string\"}}],\"inLanguage\":\"de\"},{\"@type\":[\"Person\",\"Organization\"],\"@id\":\"https:\\\/\\\/svenjacob.de\\\/#\\\/schema\\\/person\\\/a436c175a845f3909db23f1a581c36b3\",\"name\":\"Sven Jacob\",\"image\":{\"@type\":\"ImageObject\",\"inLanguage\":\"de\",\"@id\":\"https:\\\/\\\/svenjacob.de\\\/wp-content\\\/uploads\\\/2024\\\/03\\\/SVEN-JACOB-2-e1709562564744.png\",\"url\":\"https:\\\/\\\/svenjacob.de\\\/wp-content\\\/uploads\\\/2024\\\/03\\\/SVEN-JACOB-2-e1709562564744.png\",\"contentUrl\":\"https:\\\/\\\/svenjacob.de\\\/wp-content\\\/uploads\\\/2024\\\/03\\\/SVEN-JACOB-2-e1709562564744.png\",\"width\":367,\"height\":83,\"caption\":\"Sven Jacob\"},\"logo\":{\"@id\":\"https:\\\/\\\/svenjacob.de\\\/wp-content\\\/uploads\\\/2024\\\/03\\\/SVEN-JACOB-2-e1709562564744.png\"},\"url\":\"https:\\\/\\\/svenjacob.de\\\/?author=3\"}]}<\/script>\n<!-- \/ Yoast SEO plugin. -->","yoast_head_json":{"title":"Arbeitsrecht - Sven Jacob","robots":{"index":"index","follow":"follow","max-snippet":"max-snippet:-1","max-image-preview":"max-image-preview:large","max-video-preview":"max-video-preview:-1"},"canonical":"https:\/\/svenjacob.de\/?p=38","og_locale":"de_DE","og_type":"article","og_title":"Arbeitsrecht - Sven Jacob","og_description":"Ich helfe bei:","og_url":"https:\/\/svenjacob.de\/?p=38","og_site_name":"Sven Jacob","article_published_time":"2024-03-04T14:36:05+00:00","article_modified_time":"2024-03-05T13:24:57+00:00","author":"Sven Jacob","twitter_card":"summary_large_image","twitter_misc":{"Verfasst von":"Sven Jacob","Gesch\u00e4tzte Lesezeit":"1\u00a0Minute"},"schema":{"@context":"https:\/\/schema.org","@graph":[{"@type":"Article","@id":"https:\/\/svenjacob.de\/en\/?p=38#article","isPartOf":{"@id":"https:\/\/svenjacob.de\/en\/?p=38"},"author":{"name":"Sven Jacob","@id":"https:\/\/svenjacob.de\/#\/schema\/person\/a436c175a845f3909db23f1a581c36b3"},"headline":"Arbeitsrecht","datePublished":"2024-03-04T14:36:05+00:00","dateModified":"2024-03-05T13:24:57+00:00","mainEntityOfPage":{"@id":"https:\/\/svenjacob.de\/en\/?p=38"},"wordCount":160,"commentCount":0,"publisher":{"@id":"https:\/\/svenjacob.de\/#\/schema\/person\/a436c175a845f3909db23f1a581c36b3"},"articleSection":["Uncategorized"],"inLanguage":"de","potentialAction":[{"@type":"CommentAction","name":"Comment","target":["https:\/\/svenjacob.de\/en\/?p=38#respond"]}]},{"@type":"WebPage","@id":"https:\/\/svenjacob.de\/en\/?p=38","url":"https:\/\/svenjacob.de\/en\/?p=38","name":"Arbeitsrecht - Sven Jacob","isPartOf":{"@id":"https:\/\/svenjacob.de\/#website"},"datePublished":"2024-03-04T14:36:05+00:00","dateModified":"2024-03-05T13:24:57+00:00","breadcrumb":{"@id":"https:\/\/svenjacob.de\/en\/?p=38#breadcrumb"},"inLanguage":"de","potentialAction":[{"@type":"ReadAction","target":["https:\/\/svenjacob.de\/en\/?p=38"]}]},{"@type":"BreadcrumbList","@id":"https:\/\/svenjacob.de\/en\/?p=38#breadcrumb","itemListElement":[{"@type":"ListItem","position":1,"name":"Startseite","item":"https:\/\/svenjacob.de\/"},{"@type":"ListItem","position":2,"name":"Arbeitsrecht"}]},{"@type":"WebSite","@id":"https:\/\/svenjacob.de\/#website","url":"https:\/\/svenjacob.de\/","name":"Svenjacob.de","description":"Rechtsanwalt f&uuml;r Arbeitsrecht in Berlin","publisher":{"@id":"https:\/\/svenjacob.de\/#\/schema\/person\/a436c175a845f3909db23f1a581c36b3"},"potentialAction":[{"@type":"SearchAction","target":{"@type":"EntryPoint","urlTemplate":"https:\/\/svenjacob.de\/?s={search_term_string}"},"query-input":{"@type":"PropertyValueSpecification","valueRequired":true,"valueName":"search_term_string"}}],"inLanguage":"de"},{"@type":["Person","Organization"],"@id":"https:\/\/svenjacob.de\/#\/schema\/person\/a436c175a845f3909db23f1a581c36b3","name":"Sven Jacob","image":{"@type":"ImageObject","inLanguage":"de","@id":"https:\/\/svenjacob.de\/wp-content\/uploads\/2024\/03\/SVEN-JACOB-2-e1709562564744.png","url":"https:\/\/svenjacob.de\/wp-content\/uploads\/2024\/03\/SVEN-JACOB-2-e1709562564744.png","contentUrl":"https:\/\/svenjacob.de\/wp-content\/uploads\/2024\/03\/SVEN-JACOB-2-e1709562564744.png","width":367,"height":83,"caption":"Sven Jacob"},"logo":{"@id":"https:\/\/svenjacob.de\/wp-content\/uploads\/2024\/03\/SVEN-JACOB-2-e1709562564744.png"},"url":"https:\/\/svenjacob.de\/?author=3"}]}},"_links":{"self":[{"href":"https:\/\/svenjacob.de\/index.php?rest_route=\/wp\/v2\/posts\/38","targetHints":{"allow":["GET"]}}],"collection":[{"href":"https:\/\/svenjacob.de\/index.php?rest_route=\/wp\/v2\/posts"}],"about":[{"href":"https:\/\/svenjacob.de\/index.php?rest_route=\/wp\/v2\/types\/post"}],"author":[{"embeddable":true,"href":"https:\/\/svenjacob.de\/index.php?rest_route=\/wp\/v2\/users\/3"}],"replies":[{"embeddable":true,"href":"https:\/\/svenjacob.de\/index.php?rest_route=%2Fwp%2Fv2%2Fcomments&post=38"}],"version-history":[{"count":0,"href":"https:\/\/svenjacob.de\/index.php?rest_route=\/wp\/v2\/posts\/38\/revisions"}],"wp:attachment":[{"href":"https:\/\/svenjacob.de\/index.php?rest_route=%2Fwp%2Fv2%2Fmedia&parent=38"}],"wp:term":[{"taxonomy":"category","embeddable":true,"href":"https:\/\/svenjacob.de\/index.php?rest_route=%2Fwp%2Fv2%2Fcategories&post=38"},{"taxonomy":"post_tag","embeddable":true,"href":"https:\/\/svenjacob.de\/index.php?rest_route=%2Fwp%2Fv2%2Ftags&post=38"}],"curies":[{"name":"wp","href":"https:\/\/api.w.org\/{rel}","templated":true}]}}