{"id":53,"date":"2024-03-06T08:03:35","date_gmt":"2024-03-06T08:03:35","guid":{"rendered":"https:\/\/svenjacob.de\/?p=53"},"modified":"2024-03-06T10:32:08","modified_gmt":"2024-03-06T10:32:08","slug":"wussten-sie-schon-aktuelles","status":"publish","type":"post","link":"https:\/\/svenjacob.de\/?p=53","title":{"rendered":"Wussten Sie schon (Aktuelles)?"},"content":{"rendered":"\n<p class=\"wp-block-paragraph\">Dass das Familienministerium die Schutzfrist f\u00fcr M\u00fctter, die sich im Mutterschutzurlaub befinden (zwei Monate nach Entbindung) von zwei auf vier Monate verl\u00e4ngert hat. Ihr Arbeitgeber kann Sie daher nicht mehr nach dem Ende des Mutterschaftsurlaub vor Ablauf der vier Monate k\u00fcndigen.<\/p>\n","protected":false},"excerpt":{"rendered":"<p>Dass das Familienministerium die Schutzfrist f\u00fcr M\u00fctter, die sich im Mutterschutzurlaub befinden (zwei Monate nach Entbindung) von zwei auf vier Monate verl\u00e4ngert hat. Ihr Arbeitgeber kann Sie daher nicht mehr nach dem Ende des Mutterschaftsurlaub vor Ablauf der vier Monate k\u00fcndigen.<\/p>\n","protected":false},"author":2,"featured_media":0,"comment_status":"open","ping_status":"open","sticky":false,"template":"","format":"standard","meta":{"footnotes":""},"categories":[1],"tags":[],"class_list":["post-53","post","type-post","status-publish","format-standard","hentry","category-uncategorized"],"yoast_head":"<!-- This site is optimized with the Yoast SEO plugin v28.4 - https:\/\/yoast.com\/product\/yoast-seo-wordpress\/ -->\n<title>Wussten Sie schon (Aktuelles)? - Sven Jacob<\/title>\n<meta name=\"robots\" content=\"index, follow, max-snippet:-1, max-image-preview:large, max-video-preview:-1\" \/>\n<link rel=\"canonical\" href=\"https:\/\/svenjacob.de\/?p=53\" \/>\n<meta property=\"og:locale\" content=\"de_DE\" \/>\n<meta property=\"og:type\" content=\"article\" \/>\n<meta property=\"og:title\" content=\"Wussten Sie schon (Aktuelles)? - Sven Jacob\" \/>\n<meta property=\"og:description\" content=\"Dass das Familienministerium die Schutzfrist f\u00fcr M\u00fctter, die sich im Mutterschutzurlaub befinden (zwei Monate nach Entbindung) von zwei auf vier Monate verl\u00e4ngert hat. Ihr Arbeitgeber kann Sie daher nicht mehr nach dem Ende des Mutterschaftsurlaub vor Ablauf der vier Monate k\u00fcndigen.\" \/>\n<meta property=\"og:url\" content=\"https:\/\/svenjacob.de\/?p=53\" \/>\n<meta property=\"og:site_name\" content=\"Sven Jacob\" \/>\n<meta property=\"article:published_time\" content=\"2024-03-06T08:03:35+00:00\" \/>\n<meta property=\"article:modified_time\" content=\"2024-03-06T10:32:08+00:00\" \/>\n<meta name=\"author\" content=\"Swiftpage\" \/>\n<meta name=\"twitter:card\" content=\"summary_large_image\" \/>\n<meta name=\"twitter:label1\" content=\"Verfasst von\" \/>\n\t<meta name=\"twitter:data1\" content=\"Swiftpage\" \/>\n<script type=\"application\/ld+json\" class=\"yoast-schema-graph\">{\"@context\":\"https:\\\/\\\/schema.org\",\"@graph\":[{\"@type\":\"Article\",\"@id\":\"https:\\\/\\\/svenjacob.de\\\/?p=53#article\",\"isPartOf\":{\"@id\":\"https:\\\/\\\/svenjacob.de\\\/?p=53\"},\"author\":{\"name\":\"Swiftpage\",\"@id\":\"https:\\\/\\\/svenjacob.de\\\/#\\\/schema\\\/person\\\/03fe75af6a2a4998f0bf33a0fc310628\"},\"headline\":\"Wussten Sie schon (Aktuelles)?\",\"datePublished\":\"2024-03-06T08:03:35+00:00\",\"dateModified\":\"2024-03-06T10:32:08+00:00\",\"mainEntityOfPage\":{\"@id\":\"https:\\\/\\\/svenjacob.de\\\/?p=53\"},\"wordCount\":49,\"commentCount\":0,\"publisher\":{\"@id\":\"https:\\\/\\\/svenjacob.de\\\/#\\\/schema\\\/person\\\/a436c175a845f3909db23f1a581c36b3\"},\"articleSection\":[\"Uncategorized\"],\"inLanguage\":\"de\",\"potentialAction\":[{\"@type\":\"CommentAction\",\"name\":\"Comment\",\"target\":[\"https:\\\/\\\/svenjacob.de\\\/?p=53#respond\"]}]},{\"@type\":\"WebPage\",\"@id\":\"https:\\\/\\\/svenjacob.de\\\/?p=53\",\"url\":\"https:\\\/\\\/svenjacob.de\\\/?p=53\",\"name\":\"Wussten Sie schon (Aktuelles)? - Sven Jacob\",\"isPartOf\":{\"@id\":\"https:\\\/\\\/svenjacob.de\\\/#website\"},\"datePublished\":\"2024-03-06T08:03:35+00:00\",\"dateModified\":\"2024-03-06T10:32:08+00:00\",\"breadcrumb\":{\"@id\":\"https:\\\/\\\/svenjacob.de\\\/?p=53#breadcrumb\"},\"inLanguage\":\"de\",\"potentialAction\":[{\"@type\":\"ReadAction\",\"target\":[\"https:\\\/\\\/svenjacob.de\\\/?p=53\"]}]},{\"@type\":\"BreadcrumbList\",\"@id\":\"https:\\\/\\\/svenjacob.de\\\/?p=53#breadcrumb\",\"itemListElement\":[{\"@type\":\"ListItem\",\"position\":1,\"name\":\"Startseite\",\"item\":\"https:\\\/\\\/svenjacob.de\\\/\"},{\"@type\":\"ListItem\",\"position\":2,\"name\":\"Wussten Sie schon (Aktuelles)?\"}]},{\"@type\":\"WebSite\",\"@id\":\"https:\\\/\\\/svenjacob.de\\\/#website\",\"url\":\"https:\\\/\\\/svenjacob.de\\\/\",\"name\":\"Svenjacob.de\",\"description\":\"Rechtsanwalt f&uuml;r Arbeitsrecht in Berlin\",\"publisher\":{\"@id\":\"https:\\\/\\\/svenjacob.de\\\/#\\\/schema\\\/person\\\/a436c175a845f3909db23f1a581c36b3\"},\"potentialAction\":[{\"@type\":\"SearchAction\",\"target\":{\"@type\":\"EntryPoint\",\"urlTemplate\":\"https:\\\/\\\/svenjacob.de\\\/?s={search_term_string}\"},\"query-input\":{\"@type\":\"PropertyValueSpecification\",\"valueRequired\":true,\"valueName\":\"search_term_string\"}}],\"inLanguage\":\"de\"},{\"@type\":[\"Person\",\"Organization\"],\"@id\":\"https:\\\/\\\/svenjacob.de\\\/#\\\/schema\\\/person\\\/a436c175a845f3909db23f1a581c36b3\",\"name\":\"Sven Jacob\",\"image\":{\"@type\":\"ImageObject\",\"inLanguage\":\"de\",\"@id\":\"https:\\\/\\\/svenjacob.de\\\/wp-content\\\/uploads\\\/2024\\\/03\\\/SVEN-JACOB-2-e1709562564744.png\",\"url\":\"https:\\\/\\\/svenjacob.de\\\/wp-content\\\/uploads\\\/2024\\\/03\\\/SVEN-JACOB-2-e1709562564744.png\",\"contentUrl\":\"https:\\\/\\\/svenjacob.de\\\/wp-content\\\/uploads\\\/2024\\\/03\\\/SVEN-JACOB-2-e1709562564744.png\",\"width\":367,\"height\":83,\"caption\":\"Sven Jacob\"},\"logo\":{\"@id\":\"https:\\\/\\\/svenjacob.de\\\/wp-content\\\/uploads\\\/2024\\\/03\\\/SVEN-JACOB-2-e1709562564744.png\"}},{\"@type\":\"Person\",\"@id\":\"https:\\\/\\\/svenjacob.de\\\/#\\\/schema\\\/person\\\/03fe75af6a2a4998f0bf33a0fc310628\",\"name\":\"Swiftpage\",\"image\":{\"@type\":\"ImageObject\",\"inLanguage\":\"de\",\"@id\":\"https:\\\/\\\/secure.gravatar.com\\\/avatar\\\/f1a15a962dc4da2a4464d39b8892184d08333e9cf9096fa6209ac503f860f1ad?s=96&d=mm&r=g\",\"url\":\"https:\\\/\\\/secure.gravatar.com\\\/avatar\\\/f1a15a962dc4da2a4464d39b8892184d08333e9cf9096fa6209ac503f860f1ad?s=96&d=mm&r=g\",\"contentUrl\":\"https:\\\/\\\/secure.gravatar.com\\\/avatar\\\/f1a15a962dc4da2a4464d39b8892184d08333e9cf9096fa6209ac503f860f1ad?s=96&d=mm&r=g\",\"caption\":\"Swiftpage\"},\"url\":\"https:\\\/\\\/svenjacob.de\\\/?author=2\"}]}<\/script>\n<!-- \/ Yoast SEO plugin. -->","yoast_head_json":{"title":"Wussten Sie schon (Aktuelles)? - Sven Jacob","robots":{"index":"index","follow":"follow","max-snippet":"max-snippet:-1","max-image-preview":"max-image-preview:large","max-video-preview":"max-video-preview:-1"},"canonical":"https:\/\/svenjacob.de\/?p=53","og_locale":"de_DE","og_type":"article","og_title":"Wussten Sie schon (Aktuelles)? - Sven Jacob","og_description":"Dass das Familienministerium die Schutzfrist f\u00fcr M\u00fctter, die sich im Mutterschutzurlaub befinden (zwei Monate nach Entbindung) von zwei auf vier Monate verl\u00e4ngert hat. Ihr Arbeitgeber kann Sie daher nicht mehr nach dem Ende des Mutterschaftsurlaub vor Ablauf der vier Monate k\u00fcndigen.","og_url":"https:\/\/svenjacob.de\/?p=53","og_site_name":"Sven Jacob","article_published_time":"2024-03-06T08:03:35+00:00","article_modified_time":"2024-03-06T10:32:08+00:00","author":"Swiftpage","twitter_card":"summary_large_image","twitter_misc":{"Verfasst von":"Swiftpage"},"schema":{"@context":"https:\/\/schema.org","@graph":[{"@type":"Article","@id":"https:\/\/svenjacob.de\/?p=53#article","isPartOf":{"@id":"https:\/\/svenjacob.de\/?p=53"},"author":{"name":"Swiftpage","@id":"https:\/\/svenjacob.de\/#\/schema\/person\/03fe75af6a2a4998f0bf33a0fc310628"},"headline":"Wussten Sie schon (Aktuelles)?","datePublished":"2024-03-06T08:03:35+00:00","dateModified":"2024-03-06T10:32:08+00:00","mainEntityOfPage":{"@id":"https:\/\/svenjacob.de\/?p=53"},"wordCount":49,"commentCount":0,"publisher":{"@id":"https:\/\/svenjacob.de\/#\/schema\/person\/a436c175a845f3909db23f1a581c36b3"},"articleSection":["Uncategorized"],"inLanguage":"de","potentialAction":[{"@type":"CommentAction","name":"Comment","target":["https:\/\/svenjacob.de\/?p=53#respond"]}]},{"@type":"WebPage","@id":"https:\/\/svenjacob.de\/?p=53","url":"https:\/\/svenjacob.de\/?p=53","name":"Wussten Sie schon (Aktuelles)? - Sven Jacob","isPartOf":{"@id":"https:\/\/svenjacob.de\/#website"},"datePublished":"2024-03-06T08:03:35+00:00","dateModified":"2024-03-06T10:32:08+00:00","breadcrumb":{"@id":"https:\/\/svenjacob.de\/?p=53#breadcrumb"},"inLanguage":"de","potentialAction":[{"@type":"ReadAction","target":["https:\/\/svenjacob.de\/?p=53"]}]},{"@type":"BreadcrumbList","@id":"https:\/\/svenjacob.de\/?p=53#breadcrumb","itemListElement":[{"@type":"ListItem","position":1,"name":"Startseite","item":"https:\/\/svenjacob.de\/"},{"@type":"ListItem","position":2,"name":"Wussten Sie schon (Aktuelles)?"}]},{"@type":"WebSite","@id":"https:\/\/svenjacob.de\/#website","url":"https:\/\/svenjacob.de\/","name":"Svenjacob.de","description":"Rechtsanwalt f&uuml;r Arbeitsrecht in Berlin","publisher":{"@id":"https:\/\/svenjacob.de\/#\/schema\/person\/a436c175a845f3909db23f1a581c36b3"},"potentialAction":[{"@type":"SearchAction","target":{"@type":"EntryPoint","urlTemplate":"https:\/\/svenjacob.de\/?s={search_term_string}"},"query-input":{"@type":"PropertyValueSpecification","valueRequired":true,"valueName":"search_term_string"}}],"inLanguage":"de"},{"@type":["Person","Organization"],"@id":"https:\/\/svenjacob.de\/#\/schema\/person\/a436c175a845f3909db23f1a581c36b3","name":"Sven Jacob","image":{"@type":"ImageObject","inLanguage":"de","@id":"https:\/\/svenjacob.de\/wp-content\/uploads\/2024\/03\/SVEN-JACOB-2-e1709562564744.png","url":"https:\/\/svenjacob.de\/wp-content\/uploads\/2024\/03\/SVEN-JACOB-2-e1709562564744.png","contentUrl":"https:\/\/svenjacob.de\/wp-content\/uploads\/2024\/03\/SVEN-JACOB-2-e1709562564744.png","width":367,"height":83,"caption":"Sven Jacob"},"logo":{"@id":"https:\/\/svenjacob.de\/wp-content\/uploads\/2024\/03\/SVEN-JACOB-2-e1709562564744.png"}},{"@type":"Person","@id":"https:\/\/svenjacob.de\/#\/schema\/person\/03fe75af6a2a4998f0bf33a0fc310628","name":"Swiftpage","image":{"@type":"ImageObject","inLanguage":"de","@id":"https:\/\/secure.gravatar.com\/avatar\/f1a15a962dc4da2a4464d39b8892184d08333e9cf9096fa6209ac503f860f1ad?s=96&d=mm&r=g","url":"https:\/\/secure.gravatar.com\/avatar\/f1a15a962dc4da2a4464d39b8892184d08333e9cf9096fa6209ac503f860f1ad?s=96&d=mm&r=g","contentUrl":"https:\/\/secure.gravatar.com\/avatar\/f1a15a962dc4da2a4464d39b8892184d08333e9cf9096fa6209ac503f860f1ad?s=96&d=mm&r=g","caption":"Swiftpage"},"url":"https:\/\/svenjacob.de\/?author=2"}]}},"_links":{"self":[{"href":"https:\/\/svenjacob.de\/index.php?rest_route=\/wp\/v2\/posts\/53","targetHints":{"allow":["GET"]}}],"collection":[{"href":"https:\/\/svenjacob.de\/index.php?rest_route=\/wp\/v2\/posts"}],"about":[{"href":"https:\/\/svenjacob.de\/index.php?rest_route=\/wp\/v2\/types\/post"}],"author":[{"embeddable":true,"href":"https:\/\/svenjacob.de\/index.php?rest_route=\/wp\/v2\/users\/2"}],"replies":[{"embeddable":true,"href":"https:\/\/svenjacob.de\/index.php?rest_route=%2Fwp%2Fv2%2Fcomments&post=53"}],"version-history":[{"count":0,"href":"https:\/\/svenjacob.de\/index.php?rest_route=\/wp\/v2\/posts\/53\/revisions"}],"wp:attachment":[{"href":"https:\/\/svenjacob.de\/index.php?rest_route=%2Fwp%2Fv2%2Fmedia&parent=53"}],"wp:term":[{"taxonomy":"category","embeddable":true,"href":"https:\/\/svenjacob.de\/index.php?rest_route=%2Fwp%2Fv2%2Fcategories&post=53"},{"taxonomy":"post_tag","embeddable":true,"href":"https:\/\/svenjacob.de\/index.php?rest_route=%2Fwp%2Fv2%2Ftags&post=53"}],"curies":[{"name":"wp","href":"https:\/\/api.w.org\/{rel}","templated":true}]}}